{"id":3048,"global_id":"ufegeneve.com?id=3048","global_id_lineage":["ufegeneve.com?id=3048"],"author":"1","status":"publish","date":"2023-06-26 08:15:52","date_utc":"2023-06-26 08:15:52","modified":"2023-06-26 08:15:52","modified_utc":"2023-06-26 08:15:52","url":"http:\/\/ufegeneve.com\/index.php\/event\/soiree-dau-revoir-a-monsieur-patrick-lachaussee-5-juillet-2023\/","rest_url":"http:\/\/ufegeneve.com\/index.php\/wp-json\/tribe\/events\/v1\/events\/3048","title":"Soir\u00e9e d&rsquo;au revoir \u00e0 Monsieur Patrick Lachauss\u00e9e &#8211; 5 juillet 2023","description":"<p><span style=\"font-family: arial; color: #000000;\">L&rsquo;Union des Fran\u00e7ais de l\u2019\u00c9tranger de Gen\u00e8ve, avec le soutien de la Soci\u00e9t\u00e9 Genevoise des \u00c9crivains, a le plaisir de vous convier \u00e0 la soir\u00e9e d&rsquo;au revoir \u00e0 <strong>Monsieur Patrick LACHAUSS\u00c9E,<\/strong> Consul g\u00e9n\u00e9ral de France \u00e0 Gen\u00e8ve, qui aura lieu<\/span><\/p>\n<p style=\"text-align: center;\"><span style=\"font-family: arial; color: #000000;\"><strong>Le mercredi 5 juillet 2023 \u00e0 18h30<\/strong><\/span><\/p>\n<p style=\"text-align: center;\"><span style=\"font-family: arial; color: #000000;\"><strong>au Cercle de la Terrasse<\/strong><\/span><\/p>\n<p style=\"text-align: center;\"><span style=\"font-family: arial; color: #000000;\"><strong>4, rue Jean-Gabriel Eynard<\/strong><\/span><\/p>\n<p style=\"text-align: center;\"><span style=\"font-family: arial; color: #000000;\"><strong>1205 Gen\u00e8ve<\/strong><\/span><\/p>\n<p style=\"text-align: center;\"><span style=\"font-family: arial; color: #000000;\">Monsieur Patrick Lachauss\u00e9e nous fera l&rsquo;honneur de nous pr\u00e9senter son dernier roman:<br \/>\n\u00abBourama, l\u2019Arbre et le Sage\u00bb<br \/>\nau cours d\u2019une discussion avec Monsieur Ren\u00e9 Rieder, Co-pr\u00e9sident de la SGE.<\/span><\/p>\n<p><span style=\"font-family: arial; color: #000000;\"><strong>D\u00e9roulement de la soir\u00e9e :<\/strong><\/span><\/p>\n<p><span style=\"font-family: arial; color: #000000;\">18h30\u00a0 : Accueil \u00a0<\/span><br \/>\n<span style=\"font-family: arial; color: #000000;\">19h00 \u2013 19h45: Pr\u00e9sentation de \u00ab\u00a0Bourama, l\u2019Arbre et le Sage\u00a0\u00bb <\/span><br \/>\n<span style=\"font-family: arial; color: #000000;\">20h00 : Cocktail d\u00eenatoir<\/span><\/p>","excerpt":"","slug":"soiree-dau-revoir-a-monsieur-patrick-lachaussee-5-juillet-2023","image":false,"all_day":false,"start_date":"2023-07-05 18:30:00","start_date_details":{"year":"2023","month":"07","day":"05","hour":"18","minutes":"30","seconds":"00"},"end_date":"2023-07-05 23:00:00","end_date_details":{"year":"2023","month":"07","day":"05","hour":"23","minutes":"00","seconds":"00"},"utc_start_date":"2023-07-05 18:30:00","utc_start_date_details":{"year":"2023","month":"07","day":"05","hour":"18","minutes":"30","seconds":"00"},"utc_end_date":"2023-07-05 23:00:00","utc_end_date_details":{"year":"2023","month":"07","day":"05","hour":"23","minutes":"00","seconds":"00"},"timezone":"UTC+0","timezone_abbr":"UTC+0","cost":"","cost_details":{"currency_symbol":"","currency_code":"","currency_position":"suffix","values":[]},"website":"","show_map":true,"show_map_link":false,"hide_from_listings":false,"sticky":false,"featured":false,"categories":[],"tags":[],"venue":{"id":810,"author":"1","status":"publish","date":"2018-05-20 14:30:28","date_utc":"2018-05-20 14:30:28","modified":"2018-05-20 14:30:28","modified_utc":"2018-05-20 14:30:28","url":"http:\/\/ufegeneve.com\/index.php\/lieu\/restaurant-du-parc-des-eaux-vives\/","venue":"Restaurant du Parc des Eaux-Vives","slug":"restaurant-du-parc-des-eaux-vives","address":"82, quai Gustave Ador","city":"Gen\u00e8ve","country":"Suisse","zip":"1207","json_ld":{"@type":"Place","name":"Restaurant du Parc des Eaux-Vives","description":"","url":"","address":{"@type":"PostalAddress","streetAddress":"82, quai Gustave Ador","addressLocality":"Gen\u00e8ve","postalCode":"1207","addressCountry":"Suisse"},"telephone":"","sameAs":""},"show_map":true,"show_map_link":true,"global_id":"ufegeneve.com?id=810","global_id_lineage":["ufegeneve.com?id=810"]},"organizer":[],"custom_fields":[],"json_ld":{"@context":"http:\/\/schema.org","@type":"Event","name":"Soir\u00e9e d&rsquo;au revoir \u00e0 Monsieur Patrick Lachauss\u00e9e &#8211; 5 juillet 2023","description":"&lt;p&gt;L\\'Union des Fran\u00e7ais de l\u2019\u00c9tranger de Gen\u00e8ve, avec le soutien de la Soci\u00e9t\u00e9 Genevoise des \u00c9crivains, a le plaisir de vous convier \u00e0 la soir\u00e9e d\\'au revoir \u00e0 Monsieur Patrick LACHAUSS\u00c9E, Consul g\u00e9n\u00e9ral de France \u00e0 Gen\u00e8ve, qui aura lieu Le mercredi 5 juillet 2023 \u00e0 18h30 au Cercle de la Terrasse 4, rue Jean-Gabriel [&hellip;]&lt;\/p&gt;\\n","url":"http:\/\/ufegeneve.com\/index.php\/event\/soiree-dau-revoir-a-monsieur-patrick-lachaussee-5-juillet-2023\/","eventAttendanceMode":"https:\/\/schema.org\/OfflineEventAttendanceMode","eventStatus":"https:\/\/schema.org\/EventScheduled","startDate":"2023-07-05T18:30:00+00:00","endDate":"2023-07-05T23:00:00+00:00","location":{"@type":"Place","name":"Restaurant du Parc des Eaux-Vives","description":"","url":"","address":{"@type":"PostalAddress","streetAddress":"82, quai Gustave Ador","addressLocality":"Gen\u00e8ve","postalCode":"1207","addressCountry":"Suisse"},"telephone":"","sameAs":""},"performer":"Organization"},"ticketed":false}