{"id":3416,"global_id":"ufegeneve.com?id=3416","global_id_lineage":["ufegeneve.com?id=3416"],"author":"1","status":"publish","date":"2024-05-29 05:52:29","date_utc":"2024-05-29 05:52:29","modified":"2024-05-29 05:52:29","modified_utc":"2024-05-29 05:52:29","url":"http:\/\/ufegeneve.com\/index.php\/event\/3eme-edition-du-festival-du-lac-festival-du-livre-a-collonge\/","rest_url":"http:\/\/ufegeneve.com\/index.php\/wp-json\/tribe\/events\/v1\/events\/3416","title":"3\u00e8me \u00e9dition du FESTIVAL du L\u00c0C (Festival du Livre \u00e0 Collonge)","description":"<div class=\"\">\n<p>Chers membres. chers amis,<\/p>\n<p>Nous avons le plaisir de vous informer que la 3\u00e8me \u00e9dition du FESTIVAL du L\u00c0C (Festival du Livre \u00e0 Collonge) se d\u00e9roulera tout le week-end du 8 au 9 juin\u00a0sous la Pr\u00e9sidence de Pierre Assouline, membre de l\u2019Acad\u00e9mie Goncourt, en pr\u00e9sence de Metin Arditi invit\u00e9 d\u2019honneur.<\/p>\n<p>Vous pourrez y rencontrer plus de 100 auteurs de renom, participer \u00e0 des conf\u00e9rences, des lectures, des d\u00e9dicaces, des animations, des d\u00e9gustations culinaires\u00a0et y d\u00e9couvrir le nouvel espace Jeunesse o\u00f9 vous pourrez amuser vos enfants gr\u00e2ce aux lectures et ateliers cr\u00e9atifs et ludiques.<\/p>\n<p>Un moment convivial aux portes de Gen\u00e8ve\u2026.L\u2019\u00e9quipe vous y attend face au lac et au Jura!<br \/>\n<strong class=\"\">L\u2019entr\u00e9e au Festival du L\u00c0C est gratuite.<\/strong><\/p>\n<p>En esp\u00e9rant vous y retrouver nombreux!<\/p>\n<p>Avec toutes nos amiti\u00e9s<\/p>\n<p>Linda Chevalier<br \/>\nAdministratrice de l\u2019UFE Monde<br \/>\nPr\u00e9sidente de l\u2019UFE Gen\u00e8ve<br \/>\nTel mobile +41 79 353 84 36<br \/>\nlindachevalier@bluewin.ch<\/p>\n<p><a href=\"http:\/\/ufegeneve.com\/wp-content\/uploads\/2024\/05\/664ba69d3d72c.jpg\"><img loading=\"lazy\" decoding=\"async\" class=\"aligncenter size-full wp-image-3418\" src=\"http:\/\/ufegeneve.com\/wp-content\/uploads\/2024\/05\/664ba69d3d72c.jpg\" alt=\"\" width=\"463\" height=\"650\" srcset=\"http:\/\/ufegeneve.com\/wp-content\/uploads\/2024\/05\/664ba69d3d72c.jpg 463w, http:\/\/ufegeneve.com\/wp-content\/uploads\/2024\/05\/664ba69d3d72c-214x300.jpg 214w\" sizes=\"auto, (max-width: 463px) 100vw, 463px\" \/><\/a><\/p>\n<p><a href=\"http:\/\/ufegeneve.com\/wp-content\/uploads\/2024\/05\/664ba6f70aca3.jpg\"><img loading=\"lazy\" decoding=\"async\" class=\"aligncenter size-full wp-image-3417\" src=\"http:\/\/ufegeneve.com\/wp-content\/uploads\/2024\/05\/664ba6f70aca3.jpg\" alt=\"\" width=\"461\" height=\"650\" srcset=\"http:\/\/ufegeneve.com\/wp-content\/uploads\/2024\/05\/664ba6f70aca3.jpg 461w, http:\/\/ufegeneve.com\/wp-content\/uploads\/2024\/05\/664ba6f70aca3-213x300.jpg 213w\" sizes=\"auto, (max-width: 461px) 100vw, 461px\" \/><\/a><\/p>\n<\/div>","excerpt":"","slug":"3eme-edition-du-festival-du-lac-festival-du-livre-a-collonge","image":false,"all_day":true,"start_date":"2024-06-08 00:00:00","start_date_details":{"year":"2024","month":"06","day":"08","hour":"00","minutes":"00","seconds":"00"},"end_date":"2024-06-09 23:59:59","end_date_details":{"year":"2024","month":"06","day":"09","hour":"23","minutes":"59","seconds":"59"},"utc_start_date":"2024-06-08 00:00:00","utc_start_date_details":{"year":"2024","month":"06","day":"08","hour":"00","minutes":"00","seconds":"00"},"utc_end_date":"2024-06-09 23:59:59","utc_end_date_details":{"year":"2024","month":"06","day":"09","hour":"23","minutes":"59","seconds":"59"},"timezone":"UTC+0","timezone_abbr":"UTC+0","cost":"","cost_details":{"currency_symbol":"","currency_code":"","currency_position":"suffix","values":[]},"website":"","show_map":true,"show_map_link":true,"hide_from_listings":false,"sticky":false,"featured":false,"categories":[],"tags":[],"venue":[],"organizer":[],"custom_fields":[],"json_ld":{"@context":"http:\/\/schema.org","@type":"Event","name":"3\u00e8me \u00e9dition du FESTIVAL du L\u00c0C (Festival du Livre \u00e0 Collonge)","description":"&lt;p&gt;Chers membres. chers amis, Nous avons le plaisir de vous informer que la 3\u00e8me \u00e9dition du FESTIVAL du L\u00c0C (Festival du Livre \u00e0 Collonge) se d\u00e9roulera tout le week-end du 8 au 9 juin\u00a0sous la Pr\u00e9sidence de Pierre Assouline, membre de l\u2019Acad\u00e9mie Goncourt, en pr\u00e9sence de Metin Arditi invit\u00e9 d\u2019honneur. Vous pourrez y rencontrer plus [&hellip;]&lt;\/p&gt;\\n","url":"http:\/\/ufegeneve.com\/index.php\/event\/3eme-edition-du-festival-du-lac-festival-du-livre-a-collonge\/","eventAttendanceMode":"https:\/\/schema.org\/OfflineEventAttendanceMode","eventStatus":"https:\/\/schema.org\/EventScheduled","startDate":"2024-06-08T00:00:00+00:00","endDate":"2024-06-09T23:59:59+00:00","performer":"Organization"},"ticketed":false}