{"id":689,"global_id":"ufegeneve.com?id=689","global_id_lineage":["ufegeneve.com?id=689"],"author":"1","status":"publish","date":"2018-03-12 11:28:12","date_utc":"2018-03-12 11:28:12","modified":"2018-03-17 15:49:22","modified_utc":"2018-03-17 15:49:22","url":"http:\/\/ufegeneve.com\/index.php\/event\/diner-conference-du-dr-olivier-dourthe-le-21-mars-2018\/","rest_url":"http:\/\/ufegeneve.com\/index.php\/wp-json\/tribe\/events\/v1\/events\/689","title":"Assembl\u00e9e G\u00e9n\u00e9rale Ordinaire, le 21 mars 2018","description":"<p><span style=\"color: #000000;\"><strong><span style=\"font-family: arial, helvetica, sans-serif;\">D\u00e9roulement de la soir\u00e9e :<\/span><\/strong><\/span><\/p>\n<p><span style=\"font-family: arial, helvetica, sans-serif; color: #000000;\">18h30: Assembl\u00e9e g\u00e9n\u00e9rale selon l&rsquo;ordre du jour adress\u00e9 par courrier<\/span><\/p>\n<p><span style=\"font-family: arial, helvetica, sans-serif; color: #000000;\">19h15 Conf\u00e9rence par le Dr. Olivier DOURTHE, fondateur de WellMed for Life sur le th\u00e8me\u00a0 \u00a0 \u00a0\u00ab\u00a0 la nouvelle m\u00e9decine anti-\u00e2ge et revitalisante \u00bb.<\/span><\/p>\n<p><span style=\"font-family: arial, helvetica, sans-serif; color: #000000;\">19h45 Questions<\/span><\/p>\n<p><span style=\"font-family: arial, helvetica, sans-serif; color: #000000;\">20h00 Ap\u00e9ritif<\/span><\/p>\n<p><span style=\"font-family: arial, helvetica, sans-serif; color: #000000;\">20h30 D\u00eener<\/span><\/p>\n<p><span style=\"color: #000000;\"><strong><span style=\"font-family: arial, helvetica, sans-serif;\">Pour vous inscrire,<\/span><\/strong><\/span><\/p>\n<p class=\"x_align-left\"><span style=\"font-family: arial, helvetica, sans-serif;\"><span style=\"color: #000000;\">1\/ Merci de compl\u00e9ter en ligne le formulaire d&rsquo;inscription en suivant le lien ci-dessous:<\/span><\/span><\/p>\n<p><span style=\"color: #ff0000; font-family: arial, helvetica, sans-serif;\"><strong>\u2192<\/strong><a href=\"http:\/\/ufegeneve.com\/index.php\/inscription-a-lassemblee-generale-ordinaire\/\" target=\"_blank\" rel=\"noopener noreferrer\">Formulaire d&rsquo;inscription<\/a><\/span><\/p>\n<p><span style=\"font-family: arial, helvetica, sans-serif; color: #000000;\">2\/ Merci de suivre les instructions de r\u00e9glement ci-dessous:\u00a0<\/span><\/p>\n<p><span style=\"font-family: arial, helvetica, sans-serif; color: #000000;\">Paiement<strong>\u00a0<\/strong>CCP n\u00b0 12-1 5736-0<\/span><\/p>\n<p><span style=\"font-family: arial, helvetica, sans-serif; color: #000000;\">IBAN\u00a0: CH53 0900 0000 1 201 57360<\/span><\/p>\n<p><span style=\"font-family: arial, helvetica, sans-serif; color: #000000;\">BIC:POFICHBEXXX<\/span><\/p>\n<p><span style=\"font-family: arial, helvetica, sans-serif; color: #000000;\">Postfinance SA &#8211; Mingerstrasse 20 &#8211;\u00a0 \u00a0 \u00a0 CH 3030 BERNE<\/span><\/p>\n<p style=\"text-align: center;\"><span style=\"color: #000000; font-family: arial, helvetica, sans-serif;\">Tout d\u00e9sistement au repas non annonc\u00e9 48 H \u00e0 l&rsquo;avance sera d\u00fb<\/span><\/p>","excerpt":"","slug":"diner-conference-du-dr-olivier-dourthe-le-21-mars-2018","image":false,"all_day":false,"start_date":"2018-03-21 18:30:00","start_date_details":{"year":"2018","month":"03","day":"21","hour":"18","minutes":"30","seconds":"00"},"end_date":"2018-03-21 23:00:00","end_date_details":{"year":"2018","month":"03","day":"21","hour":"23","minutes":"00","seconds":"00"},"utc_start_date":"2018-03-21 18:30:00","utc_start_date_details":{"year":"2018","month":"03","day":"21","hour":"18","minutes":"30","seconds":"00"},"utc_end_date":"2018-03-21 23:00:00","utc_end_date_details":{"year":"2018","month":"03","day":"21","hour":"23","minutes":"00","seconds":"00"},"timezone":"UTC+0","timezone_abbr":"","cost":"","cost_details":{"currency_symbol":"","currency_code":"","currency_position":"prefix","values":[]},"website":"","show_map":true,"show_map_link":true,"hide_from_listings":false,"sticky":false,"featured":false,"categories":[],"tags":[],"venue":{"id":424,"author":"1","status":"publish","date":"2017-03-24 11:44:20","date_utc":"2017-03-24 11:44:20","modified":"2017-03-24 11:44:20","modified_utc":"2017-03-24 11:44:20","url":"http:\/\/ufegeneve.com\/index.php\/lieu\/restaurant-le-vieux-grenadiers-vg\/","venue":"Restaurant \u00ab Le Vieux Grenadiers (VG) \u00bb","slug":"restaurant-le-vieux-grenadiers-vg","address":"92, rue de Carouge","city":"Gen\u00e8ve","country":"Suisse","zip":"1205","json_ld":{"@type":"Place","name":"Restaurant \u00ab Le Vieux Grenadiers (VG) \u00bb","description":"","url":"","address":{"@type":"PostalAddress","streetAddress":"92, rue de Carouge","addressLocality":"Gen\u00e8ve","postalCode":"1205","addressCountry":"Suisse"},"telephone":"","sameAs":""},"show_map":true,"show_map_link":true,"global_id":"ufegeneve.com?id=424","global_id_lineage":["ufegeneve.com?id=424"]},"organizer":[],"custom_fields":[],"json_ld":{"@context":"http:\/\/schema.org","@type":"Event","name":"Assembl\u00e9e G\u00e9n\u00e9rale Ordinaire, le 21 mars 2018","description":"&lt;p&gt;D\u00e9roulement de la soir\u00e9e : 18h30: Assembl\u00e9e g\u00e9n\u00e9rale selon l\\'ordre du jour adress\u00e9 par courrier 19h15 Conf\u00e9rence par le Dr. Olivier DOURTHE, fondateur de WellMed for Life sur le th\u00e8me\u00a0 \u00a0 \u00a0\u00ab\u00a0 la nouvelle m\u00e9decine anti-\u00e2ge et revitalisante \u00bb. 19h45 Questions 20h00 Ap\u00e9ritif 20h30 D\u00eener Pour vous inscrire, 1\/ Merci de compl\u00e9ter en ligne le [&hellip;]&lt;\/p&gt;\\n","url":"http:\/\/ufegeneve.com\/index.php\/event\/diner-conference-du-dr-olivier-dourthe-le-21-mars-2018\/","eventAttendanceMode":"https:\/\/schema.org\/OfflineEventAttendanceMode","eventStatus":"https:\/\/schema.org\/EventScheduled","startDate":"2018-03-21T18:30:00+00:00","endDate":"2018-03-21T23:00:00+00:00","location":{"@type":"Place","name":"Restaurant \u00ab Le Vieux Grenadiers (VG) \u00bb","description":"","url":"","address":{"@type":"PostalAddress","streetAddress":"92, rue de Carouge","addressLocality":"Gen\u00e8ve","postalCode":"1205","addressCountry":"Suisse"},"telephone":"","sameAs":""},"performer":"Organization"},"ticketed":false}